{"id":10932,"date":"2026-03-16T12:44:04","date_gmt":"2026-03-16T12:44:04","guid":{"rendered":"https:\/\/www.wienerjuristischersalon.at\/?p=10932"},"modified":"2026-03-17T09:31:00","modified_gmt":"2026-03-17T09:31:00","slug":"der-6-wiener-juristische-salon-mit-romy-klimke","status":"publish","type":"post","link":"https:\/\/www.wienerjuristischersalon.at\/en\/der-6-wiener-juristische-salon-mit-romy-klimke\/","title":{"rendered":"Der 6. Wiener Juristische Salon mit Romy Klimke"},"content":{"rendered":"<p>Am Mittwoch, 29. April 2026, um 17:30 Uhr findet der n\u00e4chste Wiener Juristische Salon statt. Romy Klimke wird einen Vortrag zum Thema \u201eEigentum &amp; Natur \u2013 \u00dcberlegungen zu einem ambivalenten Verh\u00e4ltnis in und jenseits des deutschen Verfassungsrechts\u201c halten. Ihr Buch \u201eEigentum und Natur\u201c erschien 2025 im Mohr Siebeck Verlag und zeigt Wege einer Neukonzeptionierung von Eigentum an Naturelementen auf, die vom klassischen Konzept der Sachherrschaft und individuellen Verwertung abweichen.<\/p>\n\n\n\n<p>Romy Klimke ist seit Oktober 2025 Professorin f\u00fcr \u00d6ffentliches Recht an der BSP Business &amp; Law School Berlin. Sie studierte Rechtswissenschaften in Freiburg i.B., Madrid und Berlin. Im Anschluss an das 2. Staatsexamen im Jahr 2013 arbeitete sie als wissenschaftliche Mitarbeiterin am Lehrstuhl f\u00fcr \u00d6ffentliches Recht, Europarecht und Internationales Wirtschaftsrecht von Prof. Dr. Christian Tietje, LL.M., an der Martin-Luther-Universit\u00e4t Halle-Wittenberg. Im Jahr 2018 wurde sie mit einer Arbeit zu sch\u00e4dlichen traditionellen und kulturellen Praktiken im internationalen und regionalen Menschenrechtsschutz promoviert. Nach einer T\u00e4tigkeit als Richterin auf Probe im Justizdienst des Freistaates Th\u00fcringen kehrte Romy Klimke 2020 als wissenschaftliche Mitarbeiterin und Habilitandin an den Lehrstuhl von Prof. Dr. Christian Tietje zur\u00fcck und wurde 2025 mit einer Arbeit zu \u201eEigentum und Natur\u201c habilitiert. Ihr wurde die Lehrbefugnis f\u00fcr die Gebiete \u00d6ffentliches Recht, Europarecht, V\u00f6lkerrecht und Internationales Wirtschaftsrecht erteilt. Von April 2024 bis September 2025 hat sie die Professur f\u00fcr V\u00f6lkerrecht, Recht der Europ\u00e4ischen Union und Internationale Beziehungen an der Technischen Universit\u00e4t Dresden vertreten.<\/p>\n\n\n\n<p>Die Forschungsschwerpunkte von Romy Klimke liegen im Verfassungsrecht, im Recht des internationalen und regionalen Menschenrechtsschutzes sowie im Wirtschaftsv\u00f6lkerrecht.<\/p>\n\n\n\n<p>Die Veranstaltung findet im Dachgescho\u00df des Wiener Juridicum, Schottenbastei 10-16, statt.<\/p>\n\n\n\n<p>Zur Anmeldung klicken Sie bitte <a href=\"https:\/\/staatsrecht.univie.ac.at\/team\/damjanovic-dragana\/sekretariat\/anmeldung-wjs\/\" target=\"_blank\" rel=\"noreferrer noopener\">hier<\/a>.<\/p>","protected":false},"excerpt":{"rendered":"<p>Am Mittwoch, 29. April 2026, um 17:30 Uhr findet der n\u00e4chste Wiener Juristische Salon statt. Romy Klimke wird einen Vortrag zum Thema \u201eEigentum &amp; Natur \u2013 \u00dcberlegungen zu einem ambivalenten Verh\u00e4ltnis in und jenseits des deutschen Verfassungsrechts\u201c halten. Ihr Buch \u201eEigentum und Natur\u201c erschien 2025 im Mohr Siebeck Verlag und zeigt Wege einer Neukonzeptionierung von &#8230; <a title=\"Der 6. Wiener Juristische Salon mit Romy Klimke\" class=\"read-more\" href=\"https:\/\/www.wienerjuristischersalon.at\/en\/der-6-wiener-juristische-salon-mit-romy-klimke\/\" aria-label=\"More on Der 6. Wiener Juristische Salon mit Romy Klimke\">Read more<\/a><\/p>","protected":false},"author":9,"featured_media":0,"comment_status":"closed","ping_status":"closed","sticky":false,"template":"","format":"standard","meta":{"inline_featured_image":false,"footnotes":""},"categories":[11],"tags":[],"acf":[],"_links":{"self":[{"href":"https:\/\/www.wienerjuristischersalon.at\/en\/wp-json\/wp\/v2\/posts\/10932"}],"collection":[{"href":"https:\/\/www.wienerjuristischersalon.at\/en\/wp-json\/wp\/v2\/posts"}],"about":[{"href":"https:\/\/www.wienerjuristischersalon.at\/en\/wp-json\/wp\/v2\/types\/post"}],"author":[{"embeddable":true,"href":"https:\/\/www.wienerjuristischersalon.at\/en\/wp-json\/wp\/v2\/users\/9"}],"replies":[{"embeddable":true,"href":"https:\/\/www.wienerjuristischersalon.at\/en\/wp-json\/wp\/v2\/comments?post=10932"}],"version-history":[{"count":5,"href":"https:\/\/www.wienerjuristischersalon.at\/en\/wp-json\/wp\/v2\/posts\/10932\/revisions"}],"predecessor-version":[{"id":10944,"href":"https:\/\/www.wienerjuristischersalon.at\/en\/wp-json\/wp\/v2\/posts\/10932\/revisions\/10944"}],"wp:attachment":[{"href":"https:\/\/www.wienerjuristischersalon.at\/en\/wp-json\/wp\/v2\/media?parent=10932"}],"wp:term":[{"taxonomy":"category","embeddable":true,"href":"https:\/\/www.wienerjuristischersalon.at\/en\/wp-json\/wp\/v2\/categories?post=10932"},{"taxonomy":"post_tag","embeddable":true,"href":"https:\/\/www.wienerjuristischersalon.at\/en\/wp-json\/wp\/v2\/tags?post=10932"}],"curies":[{"name":"wp","href":"https:\/\/api.w.org\/{rel}","templated":true}]}}